{"id":260,"date":"2014-11-04T15:55:44","date_gmt":"2014-11-04T14:55:44","guid":{"rendered":"http:\/\/bibliodieta.umh.es\/?p=260"},"modified":"2018-06-26T10:48:23","modified_gmt":"2018-06-26T10:48:23","slug":"english-nueva-publicacion-de-la-unidad-de-epidemiologia-de-la-nutricion-en-jama-pediatrics","status":"publish","type":"post","link":"https:\/\/epinut.umh.es\/en\/2014\/11\/04\/english-nueva-publicacion-de-la-unidad-de-epidemiologia-de-la-nutricion-en-jama-pediatrics\/","title":{"rendered":"Nueva Publicaci\u00f3n con el estudio INMA de la Unidad de Epidemiolog\u00eda de la Nutrici\u00f3n en Jama Pediatrics"},"content":{"rendered":"<p><b>Folic Acid Supplements During Pregnancy and Child Psychomotor Development After the First Year of Life<\/b><\/p>\n<p>Desir\u00e9e\u00a0Valera-Gran, Manuela\u00a0Garc\u00eda de la Hera,\u00a0 Eva Mar\u00eda\u00a0Navarrete-Mu\u00f1oz, Ana\u00a0Fernandez-Somoano, Adonina\u00a0Tard\u00f3n, Jordi\u00a0Julvez, Joan\u00a0Forns, Nerea\u00a0Lertxundi, Jes\u00fas Mar\u00eda\u00a0Ibarluzea, Mario\u00a0Murcia, Marisa\u00a0Rebagliato,\u00a0; Jes\u00fas\u00a0Vioque,\u00a0 <a href=\"http:\/\/archpedi.jamanetwork.com\/article.aspx?articleid=1919923#ArticleInformation\">\u00a0for the Infancia y Medio Ambiente (INMA) Project<\/a><\/p>\n<p><strong>Importance<\/strong>\u00a0 Folate intake during pregnancy has been associated with improved neuropsychological development in children, although the effects of high dosages of folic acid (FA) supplements are unclear.<\/p>\n<p><strong>Objective<\/strong>\u00a0 To examine the association between the use of high dosages of FA supplements during pregnancy and child neuropsychological development after the first year of life.<\/p>\n<p><strong>Design, Setting, and Patients<\/strong>\u00a0 The multicenter prospective mother-child cohort Infancia y Medio Ambiente (INMA) Project recruited pregnant women from 4 areas of Spain (Asturias, Sabadell, Gipuzkoa, and Valencia) between November 2003 and January 2008. Pregnant women completed an interviewer-administered questionnaire on the usual dietary folate intake and FA supplements at 10 to 13 weeks and 28 to 32 weeks of gestation. The main analyses were based on a sample of 2213 children with complete information on neuropsychological development and FA supplement intake during pregnancy. Multiple linear and logistic regression analyses were used to explore the effects of FA supplements on child neuropsychological development.<\/p>\n<p><strong>Main Outcomes and Measures<\/strong>\u00a0 Neuropsychological development was assessed using the Bayley Scales of Infant Development. We calculated mental scale and psychomotor scale scores. One SD below the mean established a delay in neurodevelopment (score &lt;85).<\/p>\n<p><strong>Results<\/strong>\u00a0 A high proportion of women (57.3%) did not reach the recommended dosages of FA supplements (400 \u03bcg\/d), but 25.2% women took more than 1000 \u03bcg\/d of FA supplements (3.5% consuming &gt;5000 \u03bcg\/d). In multivariate analysis, we observed that children whose mothers used FA supplement dosages higher than 5000 \u03bcg\/d during pregnancy had a statistically significantly lower mean psychomotor scale score (difference, \u22124.35 points; 95% CI, \u22128.34 to \u22120.36) than children whose mothers used a recommended dosage of FA supplements (400-1000 \u03bcg\/d). An increased risk of delayed psychomotor development (psychomotor scale score &lt;85) was also evident among children whose mothers took FA supplement dosages higher than 5000 \u03bcg\/d, although the association was not statistically significant (odds ratio\u2009=\u20091.59; 95% CI, 0.82-3.08).<\/p>\n<p><strong>Conclusions and Relevance<\/strong>\u00a0 To our knowledge, this is the first time a detrimental effect of high dosages of FA supplements during pregnancy on psychomotor development after the first year of life has been shown. Further research from longitudinal studies is warranted to confirm these results.<\/p>\n<p>Publication: <a href=\"http:\/\/archpedi.jamanetwork.com\/article.aspx?articleid=1919923#ArticleInformation\">http:\/\/archpedi.jamanetwork.com\/article.aspx?articleid=1919923#ArticleInformation<\/a><\/p>","protected":false},"excerpt":{"rendered":"<p>Folic Acid Supplements During Pregnancy and Child Psychomotor Development After the First Year of Life Desir\u00e9e\u00a0Valera-Gran, Manuela\u00a0Garc\u00eda de la Hera,\u00a0 Eva Mar\u00eda\u00a0Navarrete-Mu\u00f1oz, Ana\u00a0Fernandez-Somoano, Adonina\u00a0Tard\u00f3n, Jordi\u00a0Julvez, Joan\u00a0Forns, Nerea\u00a0Lertxundi, Jes\u00fas Mar\u00eda\u00a0Ibarluzea, Mario\u00a0Murcia, Marisa\u00a0Rebagliato,\u00a0; Jes\u00fas\u00a0Vioque,\u00a0 \u00a0for the Infancia y Medio Ambiente (INMA) Project Importance\u00a0 Folate intake during pregnancy has been associated with improved neuropsychological development in children, although [&hellip;]<\/p>\n","protected":false},"author":163,"featured_media":0,"comment_status":"closed","ping_status":"open","sticky":false,"template":"","format":"standard","meta":{"_et_pb_use_builder":"","_et_pb_old_content":"","_et_gb_content_width":"","_links_to":"","_links_to_target":""},"categories":[4,6],"tags":[],"yoast_head":"<!-- This site is optimized with the Yoast SEO plugin v17.5 - https:\/\/yoast.com\/wordpress\/plugins\/seo\/ -->\n<title>Nueva Publicaci\u00f3n con el estudio INMA de la Unidad de Epidemiolog\u00eda de la Nutrici\u00f3n en Jama Pediatrics - Unidad de epidemiolog\u00eda de la nutrici\u00f3n<\/title>\n<meta name=\"robots\" content=\"index, follow, max-snippet:-1, max-image-preview:large, max-video-preview:-1\" \/>\n<link rel=\"canonical\" href=\"https:\/\/epinut.umh.es\/en\/2014\/11\/04\/english-nueva-publicacion-de-la-unidad-de-epidemiologia-de-la-nutricion-en-jama-pediatrics\/\" \/>\n<meta property=\"og:locale\" content=\"en_US\" \/>\n<meta property=\"og:type\" content=\"article\" \/>\n<meta property=\"og:title\" content=\"Nueva Publicaci\u00f3n con el estudio INMA de la Unidad de Epidemiolog\u00eda de la Nutrici\u00f3n en Jama Pediatrics - Unidad de epidemiolog\u00eda de la nutrici\u00f3n\" \/>\n<meta property=\"og:description\" content=\"Folic Acid Supplements During Pregnancy and Child Psychomotor Development After the First Year of Life Desir\u00e9e\u00a0Valera-Gran, Manuela\u00a0Garc\u00eda de la Hera,\u00a0 Eva Mar\u00eda\u00a0Navarrete-Mu\u00f1oz, Ana\u00a0Fernandez-Somoano, Adonina\u00a0Tard\u00f3n, Jordi\u00a0Julvez, Joan\u00a0Forns, Nerea\u00a0Lertxundi, Jes\u00fas Mar\u00eda\u00a0Ibarluzea, Mario\u00a0Murcia, Marisa\u00a0Rebagliato,\u00a0; Jes\u00fas\u00a0Vioque,\u00a0 \u00a0for the Infancia y Medio Ambiente (INMA) Project Importance\u00a0 Folate intake during pregnancy has been associated with improved neuropsychological development in children, although [&hellip;]\" \/>\n<meta property=\"og:url\" content=\"https:\/\/epinut.umh.es\/en\/2014\/11\/04\/english-nueva-publicacion-de-la-unidad-de-epidemiologia-de-la-nutricion-en-jama-pediatrics\/\" \/>\n<meta property=\"og:site_name\" content=\"Unidad de epidemiolog\u00eda de la nutrici\u00f3n\" \/>\n<meta property=\"article:published_time\" content=\"2014-11-04T14:55:44+00:00\" \/>\n<meta property=\"article:modified_time\" content=\"2018-06-26T10:48:23+00:00\" \/>\n<meta name=\"twitter:card\" content=\"summary\" \/>\n<meta name=\"twitter:label1\" content=\"Written by\" \/>\n\t<meta name=\"twitter:data1\" content=\"enavarrete\" \/>\n\t<meta name=\"twitter:label2\" content=\"Est. reading time\" \/>\n\t<meta name=\"twitter:data2\" content=\"5 minutes\" \/>\n<script type=\"application\/ld+json\" class=\"yoast-schema-graph\">{\"@context\":\"https:\/\/schema.org\",\"@graph\":[{\"@type\":\"WebSite\",\"@id\":\"https:\/\/epinut.umh.es\/en\/#website\",\"url\":\"https:\/\/epinut.umh.es\/en\/\",\"name\":\"Unidad de epidemiolog\\u00eda de la nutrici\\u00f3n\",\"description\":\"Universidad Miguel Hern\\u00e1ndez de Elche\",\"potentialAction\":[{\"@type\":\"SearchAction\",\"target\":{\"@type\":\"EntryPoint\",\"urlTemplate\":\"https:\/\/epinut.umh.es\/en\/?s={search_term_string}\"},\"query-input\":\"required name=search_term_string\"}],\"inLanguage\":\"en-US\"},{\"@type\":\"WebPage\",\"@id\":\"https:\/\/epinut.umh.es\/en\/2014\/11\/04\/english-nueva-publicacion-de-la-unidad-de-epidemiologia-de-la-nutricion-en-jama-pediatrics\/#webpage\",\"url\":\"https:\/\/epinut.umh.es\/en\/2014\/11\/04\/english-nueva-publicacion-de-la-unidad-de-epidemiologia-de-la-nutricion-en-jama-pediatrics\/\",\"name\":\"Nueva Publicaci\\u00f3n con el estudio INMA de la Unidad de Epidemiolog\\u00eda de la Nutrici\\u00f3n en Jama Pediatrics - Unidad de epidemiolog\\u00eda de la nutrici\\u00f3n\",\"isPartOf\":{\"@id\":\"https:\/\/epinut.umh.es\/en\/#website\"},\"datePublished\":\"2014-11-04T14:55:44+00:00\",\"dateModified\":\"2018-06-26T10:48:23+00:00\",\"author\":{\"@id\":\"https:\/\/epinut.umh.es\/en\/#\/schema\/person\/ebfaf3d18055b8a9b98919251f041c48\"},\"breadcrumb\":{\"@id\":\"https:\/\/epinut.umh.es\/en\/2014\/11\/04\/english-nueva-publicacion-de-la-unidad-de-epidemiologia-de-la-nutricion-en-jama-pediatrics\/#breadcrumb\"},\"inLanguage\":\"en-US\",\"potentialAction\":[{\"@type\":\"ReadAction\",\"target\":[\"https:\/\/epinut.umh.es\/en\/2014\/11\/04\/english-nueva-publicacion-de-la-unidad-de-epidemiologia-de-la-nutricion-en-jama-pediatrics\/\"]}]},{\"@type\":\"BreadcrumbList\",\"@id\":\"https:\/\/epinut.umh.es\/en\/2014\/11\/04\/english-nueva-publicacion-de-la-unidad-de-epidemiologia-de-la-nutricion-en-jama-pediatrics\/#breadcrumb\",\"itemListElement\":[{\"@type\":\"ListItem\",\"position\":1,\"name\":\"Home\",\"item\":\"https:\/\/epinut.umh.es\/\"},{\"@type\":\"ListItem\",\"position\":2,\"name\":\"Nueva Publicaci\\u00f3n con el estudio INMA de la Unidad de Epidemiolog\\u00eda de la Nutrici\\u00f3n en Jama Pediatrics\"}]},{\"@type\":\"Person\",\"@id\":\"https:\/\/epinut.umh.es\/en\/#\/schema\/person\/ebfaf3d18055b8a9b98919251f041c48\",\"name\":\"enavarrete\",\"image\":{\"@type\":\"ImageObject\",\"@id\":\"https:\/\/epinut.umh.es\/en\/#personlogo\",\"inLanguage\":\"en-US\",\"url\":\"https:\/\/secure.gravatar.com\/avatar\/62ea59d7679890c259c36a5b5c9094bd?s=96&d=mm&r=g\",\"contentUrl\":\"https:\/\/secure.gravatar.com\/avatar\/62ea59d7679890c259c36a5b5c9094bd?s=96&d=mm&r=g\",\"caption\":\"enavarrete\"},\"url\":\"https:\/\/epinut.umh.es\/en\/author\/enavarrete\/\"}]}<\/script>\n<!-- \/ Yoast SEO plugin. -->","yoast_head_json":{"title":"Nueva Publicaci\u00f3n con el estudio INMA de la Unidad de Epidemiolog\u00eda de la Nutrici\u00f3n en Jama Pediatrics - Unidad de epidemiolog\u00eda de la nutrici\u00f3n","robots":{"index":"index","follow":"follow","max-snippet":"max-snippet:-1","max-image-preview":"max-image-preview:large","max-video-preview":"max-video-preview:-1"},"canonical":"https:\/\/epinut.umh.es\/en\/2014\/11\/04\/english-nueva-publicacion-de-la-unidad-de-epidemiologia-de-la-nutricion-en-jama-pediatrics\/","og_locale":"en_US","og_type":"article","og_title":"Nueva Publicaci\u00f3n con el estudio INMA de la Unidad de Epidemiolog\u00eda de la Nutrici\u00f3n en Jama Pediatrics - Unidad de epidemiolog\u00eda de la nutrici\u00f3n","og_description":"Folic Acid Supplements During Pregnancy and Child Psychomotor Development After the First Year of Life Desir\u00e9e\u00a0Valera-Gran, Manuela\u00a0Garc\u00eda de la Hera,\u00a0 Eva Mar\u00eda\u00a0Navarrete-Mu\u00f1oz, Ana\u00a0Fernandez-Somoano, Adonina\u00a0Tard\u00f3n, Jordi\u00a0Julvez, Joan\u00a0Forns, Nerea\u00a0Lertxundi, Jes\u00fas Mar\u00eda\u00a0Ibarluzea, Mario\u00a0Murcia, Marisa\u00a0Rebagliato,\u00a0; Jes\u00fas\u00a0Vioque,\u00a0 \u00a0for the Infancia y Medio Ambiente (INMA) Project Importance\u00a0 Folate intake during pregnancy has been associated with improved neuropsychological development in children, although [&hellip;]","og_url":"https:\/\/epinut.umh.es\/en\/2014\/11\/04\/english-nueva-publicacion-de-la-unidad-de-epidemiologia-de-la-nutricion-en-jama-pediatrics\/","og_site_name":"Unidad de epidemiolog\u00eda de la nutrici\u00f3n","article_published_time":"2014-11-04T14:55:44+00:00","article_modified_time":"2018-06-26T10:48:23+00:00","twitter_card":"summary","twitter_misc":{"Written by":"enavarrete","Est. reading time":"5 minutes"},"schema":{"@context":"https:\/\/schema.org","@graph":[{"@type":"WebSite","@id":"https:\/\/epinut.umh.es\/en\/#website","url":"https:\/\/epinut.umh.es\/en\/","name":"Unidad de epidemiolog\u00eda de la nutrici\u00f3n","description":"Universidad Miguel Hern\u00e1ndez de Elche","potentialAction":[{"@type":"SearchAction","target":{"@type":"EntryPoint","urlTemplate":"https:\/\/epinut.umh.es\/en\/?s={search_term_string}"},"query-input":"required name=search_term_string"}],"inLanguage":"en-US"},{"@type":"WebPage","@id":"https:\/\/epinut.umh.es\/en\/2014\/11\/04\/english-nueva-publicacion-de-la-unidad-de-epidemiologia-de-la-nutricion-en-jama-pediatrics\/#webpage","url":"https:\/\/epinut.umh.es\/en\/2014\/11\/04\/english-nueva-publicacion-de-la-unidad-de-epidemiologia-de-la-nutricion-en-jama-pediatrics\/","name":"Nueva Publicaci\u00f3n con el estudio INMA de la Unidad de Epidemiolog\u00eda de la Nutrici\u00f3n en Jama Pediatrics - Unidad de epidemiolog\u00eda de la nutrici\u00f3n","isPartOf":{"@id":"https:\/\/epinut.umh.es\/en\/#website"},"datePublished":"2014-11-04T14:55:44+00:00","dateModified":"2018-06-26T10:48:23+00:00","author":{"@id":"https:\/\/epinut.umh.es\/en\/#\/schema\/person\/ebfaf3d18055b8a9b98919251f041c48"},"breadcrumb":{"@id":"https:\/\/epinut.umh.es\/en\/2014\/11\/04\/english-nueva-publicacion-de-la-unidad-de-epidemiologia-de-la-nutricion-en-jama-pediatrics\/#breadcrumb"},"inLanguage":"en-US","potentialAction":[{"@type":"ReadAction","target":["https:\/\/epinut.umh.es\/en\/2014\/11\/04\/english-nueva-publicacion-de-la-unidad-de-epidemiologia-de-la-nutricion-en-jama-pediatrics\/"]}]},{"@type":"BreadcrumbList","@id":"https:\/\/epinut.umh.es\/en\/2014\/11\/04\/english-nueva-publicacion-de-la-unidad-de-epidemiologia-de-la-nutricion-en-jama-pediatrics\/#breadcrumb","itemListElement":[{"@type":"ListItem","position":1,"name":"Home","item":"https:\/\/epinut.umh.es\/"},{"@type":"ListItem","position":2,"name":"Nueva Publicaci\u00f3n con el estudio INMA de la Unidad de Epidemiolog\u00eda de la Nutrici\u00f3n en Jama Pediatrics"}]},{"@type":"Person","@id":"https:\/\/epinut.umh.es\/en\/#\/schema\/person\/ebfaf3d18055b8a9b98919251f041c48","name":"enavarrete","image":{"@type":"ImageObject","@id":"https:\/\/epinut.umh.es\/en\/#personlogo","inLanguage":"en-US","url":"https:\/\/secure.gravatar.com\/avatar\/62ea59d7679890c259c36a5b5c9094bd?s=96&d=mm&r=g","contentUrl":"https:\/\/secure.gravatar.com\/avatar\/62ea59d7679890c259c36a5b5c9094bd?s=96&d=mm&r=g","caption":"enavarrete"},"url":"https:\/\/epinut.umh.es\/en\/author\/enavarrete\/"}]}},"_links":{"self":[{"href":"https:\/\/epinut.umh.es\/en\/wp-json\/wp\/v2\/posts\/260"}],"collection":[{"href":"https:\/\/epinut.umh.es\/en\/wp-json\/wp\/v2\/posts"}],"about":[{"href":"https:\/\/epinut.umh.es\/en\/wp-json\/wp\/v2\/types\/post"}],"author":[{"embeddable":true,"href":"https:\/\/epinut.umh.es\/en\/wp-json\/wp\/v2\/users\/163"}],"replies":[{"embeddable":true,"href":"https:\/\/epinut.umh.es\/en\/wp-json\/wp\/v2\/comments?post=260"}],"version-history":[{"count":0,"href":"https:\/\/epinut.umh.es\/en\/wp-json\/wp\/v2\/posts\/260\/revisions"}],"wp:attachment":[{"href":"https:\/\/epinut.umh.es\/en\/wp-json\/wp\/v2\/media?parent=260"}],"wp:term":[{"taxonomy":"category","embeddable":true,"href":"https:\/\/epinut.umh.es\/en\/wp-json\/wp\/v2\/categories?post=260"},{"taxonomy":"post_tag","embeddable":true,"href":"https:\/\/epinut.umh.es\/en\/wp-json\/wp\/v2\/tags?post=260"}],"curies":[{"name":"wp","href":"https:\/\/api.w.org\/{rel}","templated":true}]}}